{"id":33897,"date":"2025-01-13T15:06:00","date_gmt":"2025-01-13T18:06:00","guid":{"rendered":"https:\/\/italcam.com.br\/accordo-italcam-con-lhotel-tivoli-mofarrej-sao-paulo\/"},"modified":"2026-01-08T15:11:09","modified_gmt":"2026-01-08T18:11:09","slug":"accordo-italcam-con-lhotel-tivoli-mofarrej-sao-paulo","status":"publish","type":"post","link":"https:\/\/italcam.com.br\/it\/accordo-italcam-con-lhotel-tivoli-mofarrej-sao-paulo\/","title":{"rendered":"ACCORDO ITALCAM CON L&#8217;HOTEL TIVOLI MOFARREJ S\u00c3O PAULO"},"content":{"rendered":"\n<p>Il 13 gennaio ITALCAM, rappresentata dal suo Direttore Generale, Fabio Selan, ha firmato un accordo con l&#8217;<strong>Hotel Tivoli Mofarrej S\u00e3o Paulo<\/strong>, presso la sua sede di San Paolo, con l&#8217;obiettivo di portare sempre pi\u00f9 vantaggi ai suoi membri. Tra le trattative, la pi\u00f9 degna di nota \u00e8 lo sconto sulle tariffe giornaliere dell&#8217;hotel a 5 stelle situato nel quartiere Jardins, uno dei pi\u00f9 nobili di San Paolo. Per saperne di pi\u00f9, visita l&#8217;<a href=\"https:\/\/italcam.com.br\/login\/\">area riservata<\/a> o contatta il Dipartimento Soci di ITALCAM.  <\/p>\n","protected":false},"excerpt":{"rendered":"<p>Il 13 gennaio ITALCAM, rappresentata dal suo Direttore Generale, Fabio Selan, ha firmato un accordo con l&#8217;Hotel Tivoli Mofarrej S\u00e3o Paulo, presso [&hellip;]<\/p>\n","protected":false},"author":764,"featured_media":33895,"comment_status":"open","ping_status":"open","sticky":false,"template":"","format":"standard","meta":{"footnotes":""},"categories":[42,41],"tags":[],"class_list":["post-33897","post","type-post","status-publish","format-standard","has-post-thumbnail","hentry","category-eventi","category-notizie"],"_links":{"self":[{"href":"https:\/\/italcam.com.br\/it\/wp-json\/wp\/v2\/posts\/33897","targetHints":{"allow":["GET"]}}],"collection":[{"href":"https:\/\/italcam.com.br\/it\/wp-json\/wp\/v2\/posts"}],"about":[{"href":"https:\/\/italcam.com.br\/it\/wp-json\/wp\/v2\/types\/post"}],"author":[{"embeddable":true,"href":"https:\/\/italcam.com.br\/it\/wp-json\/wp\/v2\/users\/764"}],"replies":[{"embeddable":true,"href":"https:\/\/italcam.com.br\/it\/wp-json\/wp\/v2\/comments?post=33897"}],"version-history":[{"count":1,"href":"https:\/\/italcam.com.br\/it\/wp-json\/wp\/v2\/posts\/33897\/revisions"}],"predecessor-version":[{"id":33898,"href":"https:\/\/italcam.com.br\/it\/wp-json\/wp\/v2\/posts\/33897\/revisions\/33898"}],"wp:featuredmedia":[{"embeddable":true,"href":"https:\/\/italcam.com.br\/it\/wp-json\/wp\/v2\/media\/33895"}],"wp:attachment":[{"href":"https:\/\/italcam.com.br\/it\/wp-json\/wp\/v2\/media?parent=33897"}],"wp:term":[{"taxonomy":"category","embeddable":true,"href":"https:\/\/italcam.com.br\/it\/wp-json\/wp\/v2\/categories?post=33897"},{"taxonomy":"post_tag","embeddable":true,"href":"https:\/\/italcam.com.br\/it\/wp-json\/wp\/v2\/tags?post=33897"}],"curies":[{"name":"wp","href":"https:\/\/api.w.org\/{rel}","templated":true}]}}