{"id":32824,"date":"2025-09-20T10:27:43","date_gmt":"2025-09-20T13:27:43","guid":{"rendered":"https:\/\/italcam.com.br\/?p=32824"},"modified":"2025-09-22T10:47:40","modified_gmt":"2025-09-22T13:47:40","slug":"italcam-celebra-la-giornata-dellitalia-in-mato-grosso-e-avvia-la-costituzione-di-una-nuova-delegazione","status":"publish","type":"post","link":"https:\/\/italcam.com.br\/it\/italcam-celebra-la-giornata-dellitalia-in-mato-grosso-e-avvia-la-costituzione-di-una-nuova-delegazione\/","title":{"rendered":"ITALCAM celebra la Giornata dell\u2019Italia in Mato Grosso e avvia la costituzione di una nuova delegazione"},"content":{"rendered":"\n<p>Il Vicepresidente Finance, Fabio Ongaro, e il Direttore Generale, Fabio Selan, insieme all\u2019Ambasciatore d\u2019Italia in Brasile, Alessandro Cortese, e al Console Generale d\u2019Italia a S\u00e3o Paulo, Domenico Fornara, hanno partecipato ieri, 19 settembre, alla celebrazione del Dia da It\u00e1lia nello Stato di Mato Grosso, organizzata dalla Vice Console Onoraria di Cuiab\u00e1, Marli Teresinha Deon Sette.<\/p>\n\n\n\n<figure class=\"wp-block-gallery has-nested-images columns-default is-cropped wp-block-gallery-1 is-layout-flex wp-block-gallery-is-layout-flex\">\n<figure class=\"wp-block-image size-large\"><img fetchpriority=\"high\" decoding=\"async\" width=\"1024\" height=\"768\" data-id=\"32829\" src=\"https:\/\/italcam.com.br\/wp-content\/uploads\/2025\/09\/1758372391391-1-1024x768.jpeg\" alt=\"\" class=\"wp-image-32829\" srcset=\"https:\/\/italcam.com.br\/wp-content\/uploads\/2025\/09\/1758372391391-1-1024x768.jpeg 1024w, https:\/\/italcam.com.br\/wp-content\/uploads\/2025\/09\/1758372391391-1-300x225.jpeg 300w, https:\/\/italcam.com.br\/wp-content\/uploads\/2025\/09\/1758372391391-1-768x576.jpeg 768w, https:\/\/italcam.com.br\/wp-content\/uploads\/2025\/09\/1758372391391-1-1536x1152.jpeg 1536w, https:\/\/italcam.com.br\/wp-content\/uploads\/2025\/09\/1758372391391-1-650x488.jpeg 650w, https:\/\/italcam.com.br\/wp-content\/uploads\/2025\/09\/1758372391391-1.jpeg 1600w\" sizes=\"(max-width: 1024px) 100vw, 1024px\" \/><\/figure>\n\n\n\n<figure class=\"wp-block-image size-large\"><img decoding=\"async\" width=\"1024\" height=\"768\" data-id=\"32827\" src=\"https:\/\/italcam.com.br\/wp-content\/uploads\/2025\/09\/1758372391030-1024x768.jpeg\" alt=\"\" class=\"wp-image-32827\" srcset=\"https:\/\/italcam.com.br\/wp-content\/uploads\/2025\/09\/1758372391030-1024x768.jpeg 1024w, https:\/\/italcam.com.br\/wp-content\/uploads\/2025\/09\/1758372391030-300x225.jpeg 300w, https:\/\/italcam.com.br\/wp-content\/uploads\/2025\/09\/1758372391030-768x576.jpeg 768w, https:\/\/italcam.com.br\/wp-content\/uploads\/2025\/09\/1758372391030-650x488.jpeg 650w, https:\/\/italcam.com.br\/wp-content\/uploads\/2025\/09\/1758372391030.jpeg 1280w\" sizes=\"(max-width: 1024px) 100vw, 1024px\" \/><\/figure>\n<\/figure>\n\n\n\n<p>L\u2019evento ha rappresentato un passo importante per ITALCAM nella strutturazione di una delegazione della Camera nello Stato di Mato Grosso, che avr\u00e0 come delegato Andr\u00e9 Schellini, Direttore del Sebrae MT e Jandir Milan come consigliere.<\/p>\n\n\n\n<p>All\u2019incontro hanno preso parte molte delle principali aziende locali, il simdaco di Cuiab\u00e0, Abilio Jacques Brunini Moumer, oltre ai sindaci delle citt\u00e0 vicine.<\/p>\n","protected":false},"excerpt":{"rendered":"<p>Il Vicepresidente Finance, Fabio Ongaro, e il Direttore Generale, Fabio Selan, insieme all\u2019Ambasciatore d\u2019Italia in Brasile, Alessandro Cortese, e al Console Generale [&hellip;]<\/p>\n","protected":false},"author":764,"featured_media":32827,"comment_status":"open","ping_status":"open","sticky":false,"template":"","format":"standard","meta":{"footnotes":""},"categories":[42,41],"tags":[46,49],"class_list":["post-32824","post","type-post","status-publish","format-standard","has-post-thumbnail","hentry","category-eventi","category-notizie","tag-eventi","tag-notizie-2025"],"_links":{"self":[{"href":"https:\/\/italcam.com.br\/it\/wp-json\/wp\/v2\/posts\/32824","targetHints":{"allow":["GET"]}}],"collection":[{"href":"https:\/\/italcam.com.br\/it\/wp-json\/wp\/v2\/posts"}],"about":[{"href":"https:\/\/italcam.com.br\/it\/wp-json\/wp\/v2\/types\/post"}],"author":[{"embeddable":true,"href":"https:\/\/italcam.com.br\/it\/wp-json\/wp\/v2\/users\/764"}],"replies":[{"embeddable":true,"href":"https:\/\/italcam.com.br\/it\/wp-json\/wp\/v2\/comments?post=32824"}],"version-history":[{"count":1,"href":"https:\/\/italcam.com.br\/it\/wp-json\/wp\/v2\/posts\/32824\/revisions"}],"predecessor-version":[{"id":32831,"href":"https:\/\/italcam.com.br\/it\/wp-json\/wp\/v2\/posts\/32824\/revisions\/32831"}],"wp:featuredmedia":[{"embeddable":true,"href":"https:\/\/italcam.com.br\/it\/wp-json\/wp\/v2\/media\/32827"}],"wp:attachment":[{"href":"https:\/\/italcam.com.br\/it\/wp-json\/wp\/v2\/media?parent=32824"}],"wp:term":[{"taxonomy":"category","embeddable":true,"href":"https:\/\/italcam.com.br\/it\/wp-json\/wp\/v2\/categories?post=32824"},{"taxonomy":"post_tag","embeddable":true,"href":"https:\/\/italcam.com.br\/it\/wp-json\/wp\/v2\/tags?post=32824"}],"curies":[{"name":"wp","href":"https:\/\/api.w.org\/{rel}","templated":true}]}}