{"id":32716,"date":"2025-08-14T13:57:01","date_gmt":"2025-08-14T16:57:01","guid":{"rendered":"https:\/\/italcam.com.br\/?p=32716"},"modified":"2025-09-05T13:58:39","modified_gmt":"2025-09-05T16:58:39","slug":"lula-firma-il-piano-sovrano-brasile-30-miliardi-di-r-per-gli-esportatori","status":"publish","type":"post","link":"https:\/\/italcam.com.br\/it\/lula-firma-il-piano-sovrano-brasile-30-miliardi-di-r-per-gli-esportatori\/","title":{"rendered":"Lula firma il Piano Sovrano Brasile, 30 miliardi di R$ per gli esportatori"},"content":{"rendered":"\n<p><em>MP, gi\u00e0 pubblicato nella GUU garantisce ancora protezione ai lavoratori<\/em><\/p>\n\n\n\n<p>Il 13 agosto, il Presidente Lula ha firmato la Misura Provvisoria (MP) che istituisce il Piano Sovrano Brasile. La misura prevede misure di sostegno per gli esportatori brasiliani al fine di mitigare l&#8217;impatto dell&#8217;aumento dei dazi doganali statunitensi sui prodotti brasiliani.<\/p>\n\n\n\n<p>Tra le altre misure, il documento prevede una linea di credito di 30 miliardi di R$ per il Fondo di Garanzia per l&#8217;Esportazione, volta a finanziare la vendita di prodotti brasiliani all&#8217;estero. Il piano prevede inoltre norme ampliate sulla garanzia per l&#8217;esportazione, che proteggono i produttori brasiliani da inadempienze o rescissioni contrattuali.<\/p>\n\n\n\n<p>La MP prevede inoltre che i prodotti alimentari tassati possano essere acquistati, in modo semplificato, dall&#8217;Unione, dagli Stati e dai comuni, per i programmi di alimentazione scolastica e ospedaliera.<\/p>\n\n\n\n<p>Presente all&#8217;evento, il Ministro delle Finanze Fernando Haddad ha affermato che la priorit\u00e0 saranno le &#8220;aziende pi\u00f9 colpite e quelle pi\u00f9 piccole&#8221;.<\/p>\n\n\n\n<p>Secondo Haddad, la misura provvisoria mitigher\u00e0 gli impatti dell&#8217;aumento dei dazi fino all&#8217;entrata in vigore della riforma fiscale nel 2027, a vantaggio degli esportatori.<\/p>\n\n\n\n<p>Trattandosi di una misura provvisoria, il testo dovr\u00e0 essere votato dal Congresso entro 120 giorni per rimanere valido. Durante la cerimonia della firma al Palacio de Planalto, Lula ha esortato i presidenti del Senato e della Camera dei Deputati ad agire rapidamente.<\/p>\n\n\n\n<p>La misura provvisoria \u00e8 stata una soluzione trovata dal governo federale per far fronte ai sovrapprezzi imposti dal presidente degli Stati Uniti Donald Trump, che ha accusato il Brasile di perseguitare i politici coinvolti nel tentato colpo di Stato dopo la sua sconfitta alle elezioni del 2022. Per Lula, c&#8217;\u00e8 sempre spazio per una negoziazione riguardo all&#8217;aumento dei dazi, gi\u00e0 in vigore da una settimana, ma la sovranit\u00e0 brasiliana deve essere rispettata.<\/p>\n\n\n\n<p>Il Piano Sovrano Brasile stabilisce tre pilastri fondamentali per l&#8217;economia nazionale: il rafforzamento del settore produttivo; la tutela dei lavoratori; la diplomazia commerciale e il multilateralismo. Queste iniziative rafforzano la presenza internazionale del Brasile, ampliano la gamma di destinazioni dei prodotti nazionali e aumentano la protezione dell&#8217;economia dalle barriere commerciali unilaterali. Secondo i dati governativi, il Brasile ha aperto 397 nuovi mercati in meno di tre anni.<\/p>\n\n\n\n<p>Fonte: <strong><a href=\"https:\/\/agenciabrasil.ebc.com.br\/radioagencia-nacional\/economia\/audio\/2025-08\/lula-assina-mp-do-plano-brasil-soberano-com-30-bi-para-exportadores\">Ag\u00eancia Brasil<\/a><\/strong> | di Sayonara Moreno &#8211; Giornalista della Radio Nazionale<\/p>\n\n\n\n<p><\/p>\n","protected":false},"excerpt":{"rendered":"<p>MP, gi\u00e0 pubblicato nella GUU garantisce ancora protezione ai lavoratori Il 13 agosto, il Presidente Lula ha firmato la Misura Provvisoria (MP) [&hellip;]<\/p>\n","protected":false},"author":764,"featured_media":32717,"comment_status":"open","ping_status":"open","sticky":false,"template":"","format":"standard","meta":{"footnotes":""},"categories":[41],"tags":[49],"class_list":["post-32716","post","type-post","status-publish","format-standard","has-post-thumbnail","hentry","category-notizie","tag-notizie-2025"],"_links":{"self":[{"href":"https:\/\/italcam.com.br\/it\/wp-json\/wp\/v2\/posts\/32716","targetHints":{"allow":["GET"]}}],"collection":[{"href":"https:\/\/italcam.com.br\/it\/wp-json\/wp\/v2\/posts"}],"about":[{"href":"https:\/\/italcam.com.br\/it\/wp-json\/wp\/v2\/types\/post"}],"author":[{"embeddable":true,"href":"https:\/\/italcam.com.br\/it\/wp-json\/wp\/v2\/users\/764"}],"replies":[{"embeddable":true,"href":"https:\/\/italcam.com.br\/it\/wp-json\/wp\/v2\/comments?post=32716"}],"version-history":[{"count":1,"href":"https:\/\/italcam.com.br\/it\/wp-json\/wp\/v2\/posts\/32716\/revisions"}],"predecessor-version":[{"id":32719,"href":"https:\/\/italcam.com.br\/it\/wp-json\/wp\/v2\/posts\/32716\/revisions\/32719"}],"wp:featuredmedia":[{"embeddable":true,"href":"https:\/\/italcam.com.br\/it\/wp-json\/wp\/v2\/media\/32717"}],"wp:attachment":[{"href":"https:\/\/italcam.com.br\/it\/wp-json\/wp\/v2\/media?parent=32716"}],"wp:term":[{"taxonomy":"category","embeddable":true,"href":"https:\/\/italcam.com.br\/it\/wp-json\/wp\/v2\/categories?post=32716"},{"taxonomy":"post_tag","embeddable":true,"href":"https:\/\/italcam.com.br\/it\/wp-json\/wp\/v2\/tags?post=32716"}],"curies":[{"name":"wp","href":"https:\/\/api.w.org\/{rel}","templated":true}]}}