{"id":32702,"date":"2025-09-04T10:56:38","date_gmt":"2025-09-04T13:56:38","guid":{"rendered":"https:\/\/italcam.com.br\/inclusione-diversita-e-responsabilita-nel-settore-dei-consumi-levento-di-italcam-e-kpmg-riunisce-i-leader-piu-importanti\/"},"modified":"2025-09-04T10:59:14","modified_gmt":"2025-09-04T13:59:14","slug":"inclusione-diversita-e-responsabilita-nel-settore-dei-consumi-levento-di-italcam-e-kpmg-riunisce-i-leader-piu-importanti","status":"publish","type":"post","link":"https:\/\/italcam.com.br\/it\/inclusione-diversita-e-responsabilita-nel-settore-dei-consumi-levento-di-italcam-e-kpmg-riunisce-i-leader-piu-importanti\/","title":{"rendered":"Inclusione, diversit\u00e0 e responsabilit\u00e0 nel settore dei consumi: l&#8217;evento di ITALCAM e KPMG riunisce i leader pi\u00f9 importanti"},"content":{"rendered":"\n<p>Ieri, 3 settembre, il Comitato Donne D&#8217;Affari di ITALCAM, in collaborazione con KPMG, ha riunito i top leader per l&#8217;evento &#8220;Inclusione, Diversit\u00e0 e Responsabilit\u00e0 nel Settore Consumer&#8221;.<\/p>\n\n<p>Ci sono stati momenti di scambio e di riflessione su come lo sguardo femminile abbia ridisegnato i marchi, influenzato i comportamenti e trasformato i consumi, anche nel mondo del lusso.<\/p>\n\n<figure class=\"wp-block-gallery has-nested-images columns-default is-cropped wp-block-gallery-1 is-layout-flex wp-block-gallery-is-layout-flex\">\n<figure class=\"wp-block-image size-large\"><img fetchpriority=\"high\" decoding=\"async\" width=\"1024\" height=\"683\" data-id=\"32689\" src=\"https:\/\/italcam.com.br\/wp-content\/uploads\/2025\/09\/IMG_3861-1024x683.jpg\" alt=\"\" class=\"wp-image-32689\" srcset=\"https:\/\/italcam.com.br\/wp-content\/uploads\/2025\/09\/IMG_3861-1024x683.jpg 1024w, https:\/\/italcam.com.br\/wp-content\/uploads\/2025\/09\/IMG_3861-300x200.jpg 300w, https:\/\/italcam.com.br\/wp-content\/uploads\/2025\/09\/IMG_3861-768x512.jpg 768w, https:\/\/italcam.com.br\/wp-content\/uploads\/2025\/09\/IMG_3861-1536x1024.jpg 1536w, https:\/\/italcam.com.br\/wp-content\/uploads\/2025\/09\/IMG_3861-2048x1365.jpg 2048w, https:\/\/italcam.com.br\/wp-content\/uploads\/2025\/09\/IMG_3861-650x433.jpg 650w\" sizes=\"(max-width: 1024px) 100vw, 1024px\" \/><\/figure>\n\n\n\n<figure class=\"wp-block-image size-large\"><img decoding=\"async\" width=\"1024\" height=\"683\" data-id=\"32691\" src=\"https:\/\/italcam.com.br\/wp-content\/uploads\/2025\/09\/IMG_3797-1024x683.jpg\" alt=\"\" class=\"wp-image-32691\" srcset=\"https:\/\/italcam.com.br\/wp-content\/uploads\/2025\/09\/IMG_3797-1024x683.jpg 1024w, https:\/\/italcam.com.br\/wp-content\/uploads\/2025\/09\/IMG_3797-300x200.jpg 300w, https:\/\/italcam.com.br\/wp-content\/uploads\/2025\/09\/IMG_3797-768x512.jpg 768w, https:\/\/italcam.com.br\/wp-content\/uploads\/2025\/09\/IMG_3797-1536x1024.jpg 1536w, https:\/\/italcam.com.br\/wp-content\/uploads\/2025\/09\/IMG_3797-2048x1365.jpg 2048w, https:\/\/italcam.com.br\/wp-content\/uploads\/2025\/09\/IMG_3797-650x433.jpg 650w\" sizes=\"(max-width: 1024px) 100vw, 1024px\" \/><\/figure>\n\n\n\n<figure class=\"wp-block-image size-large\"><img decoding=\"async\" width=\"1024\" height=\"683\" data-id=\"32699\" src=\"https:\/\/italcam.com.br\/wp-content\/uploads\/2025\/09\/IMG_4038-1024x683.jpg\" alt=\"\" class=\"wp-image-32699\" srcset=\"https:\/\/italcam.com.br\/wp-content\/uploads\/2025\/09\/IMG_4038-1024x683.jpg 1024w, https:\/\/italcam.com.br\/wp-content\/uploads\/2025\/09\/IMG_4038-300x200.jpg 300w, https:\/\/italcam.com.br\/wp-content\/uploads\/2025\/09\/IMG_4038-768x512.jpg 768w, https:\/\/italcam.com.br\/wp-content\/uploads\/2025\/09\/IMG_4038-1536x1024.jpg 1536w, https:\/\/italcam.com.br\/wp-content\/uploads\/2025\/09\/IMG_4038-2048x1365.jpg 2048w, https:\/\/italcam.com.br\/wp-content\/uploads\/2025\/09\/IMG_4038-650x433.jpg 650w\" sizes=\"(max-width: 1024px) 100vw, 1024px\" \/><\/figure>\n<\/figure>\n\n<p>I dirigenti di aziende come<strong> Campari, L&#8217;Or\u00e9al, EssilorLuxottica, Mont Blanc, Pandora e Ferragamo <\/strong>hanno condiviso le loro opinioni sull&#8217;equit\u00e0 di genere, sulle strategie aziendali e sulle tendenze che stanno plasmando il futuro del settore.<\/p>\n\n<p>Pi\u00f9 che un incontro, un&#8217;ispirazione per un vero cambiamento.<\/p>\n\n<p><\/p>\n","protected":false},"excerpt":{"rendered":"<p>Ieri, 3 settembre, il Comitato Donne D&#8217;Affari di ITALCAM, in collaborazione con KPMG, ha riunito i top leader per l&#8217;evento &#8220;Inclusione, Diversit\u00e0 [&hellip;]<\/p>\n","protected":false},"author":764,"featured_media":32696,"comment_status":"open","ping_status":"open","sticky":false,"template":"","format":"standard","meta":{"footnotes":""},"categories":[42,41],"tags":[46,49],"class_list":["post-32702","post","type-post","status-publish","format-standard","has-post-thumbnail","hentry","category-eventi","category-notizie","tag-eventi","tag-notizie-2025"],"_links":{"self":[{"href":"https:\/\/italcam.com.br\/it\/wp-json\/wp\/v2\/posts\/32702","targetHints":{"allow":["GET"]}}],"collection":[{"href":"https:\/\/italcam.com.br\/it\/wp-json\/wp\/v2\/posts"}],"about":[{"href":"https:\/\/italcam.com.br\/it\/wp-json\/wp\/v2\/types\/post"}],"author":[{"embeddable":true,"href":"https:\/\/italcam.com.br\/it\/wp-json\/wp\/v2\/users\/764"}],"replies":[{"embeddable":true,"href":"https:\/\/italcam.com.br\/it\/wp-json\/wp\/v2\/comments?post=32702"}],"version-history":[{"count":1,"href":"https:\/\/italcam.com.br\/it\/wp-json\/wp\/v2\/posts\/32702\/revisions"}],"predecessor-version":[{"id":32703,"href":"https:\/\/italcam.com.br\/it\/wp-json\/wp\/v2\/posts\/32702\/revisions\/32703"}],"wp:featuredmedia":[{"embeddable":true,"href":"https:\/\/italcam.com.br\/it\/wp-json\/wp\/v2\/media\/32696"}],"wp:attachment":[{"href":"https:\/\/italcam.com.br\/it\/wp-json\/wp\/v2\/media?parent=32702"}],"wp:term":[{"taxonomy":"category","embeddable":true,"href":"https:\/\/italcam.com.br\/it\/wp-json\/wp\/v2\/categories?post=32702"},{"taxonomy":"post_tag","embeddable":true,"href":"https:\/\/italcam.com.br\/it\/wp-json\/wp\/v2\/tags?post=32702"}],"curies":[{"name":"wp","href":"https:\/\/api.w.org\/{rel}","templated":true}]}}