{"id":32277,"date":"2025-07-02T17:19:50","date_gmt":"2025-07-02T20:19:50","guid":{"rendered":"https:\/\/italcam.com.br\/?p=32277"},"modified":"2025-07-15T17:22:24","modified_gmt":"2025-07-15T20:22:24","slug":"mercosur-ed-efta-annunciano-un-accordo-di-libero-scambio","status":"publish","type":"post","link":"https:\/\/italcam.com.br\/it\/mercosur-ed-efta-annunciano-un-accordo-di-libero-scambio\/","title":{"rendered":"Mercosur ed EFTA annunciano un accordo di libero scambio"},"content":{"rendered":"\n<p><em>I paesi sudamericani avranno accesso a un mercato da 1,4 trilioni di dollari<\/em><\/p>\n\n\n\n<p><strong>Il blocco economico del Mercosur ha concluso i negoziati per un accordo commerciale con l\u2019Associazione Europea di Libero Scambio (EFTA)<\/strong>, che comprende Svizzera, Norvegia, Islanda e Liechtenstein. L\u2019annuncio della conclusione dei negoziati, iniziati nel 2017, \u00e8 stato dato il 2 luglio, durante il 66\u00b0 Vertice del Mercosur, a Buenos Aires, in Argentina.<\/p>\n\n\n\n<p>Il Mercosur \u00e8 composto da Argentina, Brasile, Paraguay e Uruguay, oltre alla Bolivia, che \u00e8 in procinto di aderire.<\/p>\n\n\n\n<p>\u201c<em>Dopo Singapore nel 2023 e l\u2019Unione Europea nel 2024, il Mercosur ha ora concluso i negoziati con l\u2019EFTA, un blocco che comprende Svizzera, Norvegia, Liechtenstein e Islanda. Un mercato ad alto reddito che garantir\u00e0 un facile accesso al 100% delle nostre esportazioni industriali. Ci sono voluti otto anni di duro lavoro, ma i risultati dimostrano che il dialogo \u00e8 la strada giusta per stimolare la nostra economia, generando posti di lavoro e reddito<\/em>\u201d, ha celebrato il Vicepresidente e Ministro dello Sviluppo, dell\u2019Industria e del Commercio del Brasile, Geraldo Alckmin.<\/p>\n\n\n\n<p>Creata nel 1960, l\u2019EFTA \u00e8 un\u2019organizzazione intergovernativa con una popolazione di 15 milioni di persone e un Prodotto Interno Lordo (PIL) combinato di 1,4 trilioni di dollari. In termini di PIL pro capite, il Liechtenstein \u00e8 considerato il secondo Paese pi\u00f9 ricco al mondo, con un reddito medio annuo di 186.000 dollari pro capite. La Svizzera \u00e8 il quarto Paese pi\u00f9 ricco, con un reddito medio pro capite di 104.500 dollari. Anche Islanda e Norvegia si classificano tra i paesi con i redditi medi pi\u00f9 alti.<\/p>\n\n\n\n<p>\u201cIl mercato dei servizi dell\u2019EFTA \u00e8 uno dei pi\u00f9 grandi al mondo. Nel 2024, il blocco ha importato servizi per 284 miliardi di dollari. Rispetto agli altri paesi, sarebbe il nono importatore al mondo, davanti a India, Giappone, Italia, Corea del Sud e Canada. Nel 2024, il blocco ha esportato servizi per un valore di 245 miliardi di dollari. \u00c8 stato anche il nono maggiore esportatore, davanti a paesi come Giappone, Spagna, Canada e Italia\u201d, ha sottolineato il governo brasiliano in una nota.<\/p>\n\n\n\n<p>Nonostante la fine dei negoziati, i termini dell\u2019accordo devono essere ratificati internamente da ciascuno dei paesi coinvolti.<\/p>\n\n\n\n<p>Il presidente Luiz In\u00e1cio Lula da Silva si trovava a Buenos Aires, dove ha partecipato a un incontro con gli altri leader del Mercosur la mattina del 3 luglio. Il governo brasiliano assumer\u00e0 la presidenza pro tempore dell\u2019Unione per i prossimi sei mesi.<\/p>\n\n\n\n<p>Fonte: <strong><a href=\"https:\/\/agenciabrasil.ebc.com.br\/economia\/noticia\/2025-07\/mercosul-e-efta-anunciam-acordo-de-livre-comercio\">Ag\u00eancia Brasil<\/a><\/strong> | di Pedro Rafael Vilela &#8211; Giornalista presso Ag\u00eancia Brasil<\/p>\n\n\n\n<p><\/p>\n","protected":false},"excerpt":{"rendered":"<p>I paesi sudamericani avranno accesso a un mercato da 1,4 trilioni di dollari Il blocco economico del Mercosur ha concluso i negoziati [&hellip;]<\/p>\n","protected":false},"author":764,"featured_media":32278,"comment_status":"open","ping_status":"open","sticky":false,"template":"","format":"standard","meta":{"footnotes":""},"categories":[41],"tags":[49],"class_list":["post-32277","post","type-post","status-publish","format-standard","has-post-thumbnail","hentry","category-notizie","tag-notizie-2025"],"_links":{"self":[{"href":"https:\/\/italcam.com.br\/it\/wp-json\/wp\/v2\/posts\/32277","targetHints":{"allow":["GET"]}}],"collection":[{"href":"https:\/\/italcam.com.br\/it\/wp-json\/wp\/v2\/posts"}],"about":[{"href":"https:\/\/italcam.com.br\/it\/wp-json\/wp\/v2\/types\/post"}],"author":[{"embeddable":true,"href":"https:\/\/italcam.com.br\/it\/wp-json\/wp\/v2\/users\/764"}],"replies":[{"embeddable":true,"href":"https:\/\/italcam.com.br\/it\/wp-json\/wp\/v2\/comments?post=32277"}],"version-history":[{"count":1,"href":"https:\/\/italcam.com.br\/it\/wp-json\/wp\/v2\/posts\/32277\/revisions"}],"predecessor-version":[{"id":32280,"href":"https:\/\/italcam.com.br\/it\/wp-json\/wp\/v2\/posts\/32277\/revisions\/32280"}],"wp:featuredmedia":[{"embeddable":true,"href":"https:\/\/italcam.com.br\/it\/wp-json\/wp\/v2\/media\/32278"}],"wp:attachment":[{"href":"https:\/\/italcam.com.br\/it\/wp-json\/wp\/v2\/media?parent=32277"}],"wp:term":[{"taxonomy":"category","embeddable":true,"href":"https:\/\/italcam.com.br\/it\/wp-json\/wp\/v2\/categories?post=32277"},{"taxonomy":"post_tag","embeddable":true,"href":"https:\/\/italcam.com.br\/it\/wp-json\/wp\/v2\/tags?post=32277"}],"curies":[{"name":"wp","href":"https:\/\/api.w.org\/{rel}","templated":true}]}}