{"id":31274,"date":"2025-06-24T12:01:13","date_gmt":"2025-06-24T15:01:13","guid":{"rendered":"https:\/\/italcam.com.br\/brasile-e-italia-annunciano-nuovi-impulsi-e-finanziamenti-per-le-azioni-di-raffreddamento-in-vista-della-cop30\/"},"modified":"2025-06-25T15:57:21","modified_gmt":"2025-06-25T18:57:21","slug":"brasile-e-italia-annunciano-nuovi-impulsi-e-finanziamenti-per-le-azioni-di-raffreddamento-in-vista-della-cop30","status":"publish","type":"post","link":"https:\/\/italcam.com.br\/it\/brasile-e-italia-annunciano-nuovi-impulsi-e-finanziamenti-per-le-azioni-di-raffreddamento-in-vista-della-cop30\/","title":{"rendered":"Brasile e Italia annunciano nuovi impulsi e finanziamenti per le azioni di raffreddamento in vista della COP30"},"content":{"rendered":"\n<p>Il Brasile e il Programma delle Nazioni Unite per l&#8217;Ambiente (UNEP) hanno lanciato oggi una nuova iniziativa per affrontare il caldo estremo attraverso il raffreddamento sostenibile &#8211; Beat the Heat in Cities\/Mutir\u00e3o contra o Calor Extreme &#8211; mentre l&#8217;Italia si \u00e8 impegnata a stanziare 2 milioni di dollari in nuovi finanziamenti per il <a href=\"https:\/\/coolcoalition.org\/global-cooling-pledge\/\">Global Cooling Commitment<\/a>, sostenendo l&#8217;azione su uno dei principali fattori di cambiamento climatico in vista del <a href=\"https:\/\/cop30.br\/pt-br\">vertice sul clima COP30<\/a> che si terr\u00e0 quest&#8217;anno.<\/p>\n\n<p>&#8220;Il raffreddamento sostenibile sar\u00e0 una priorit\u00e0 della COP30 perch\u00e9 da esso dipendono le citt\u00e0, il clima e miliardi di persone. Attraverso la Task Force Calore Estremo, ci proponiamo di trasformare le citt\u00e0 in motori di adattamento, di guidare l&#8217;attuazione dell&#8217;Impegno Globale e di garantire che nessuno venga lasciato indietro a causa dell&#8217;accelerazione del calore estremo&#8221;, ha dichiarato Ana Toni, CEO della COP30.<\/p>\n\n<p>Gli annunci sono stati fatti a Bonn, in Germania, in occasione della prima <a href=\"https:\/\/www.unep.org\/events\/working-group-meeting\/global-cooling-pledge-signatories-focal-points-meeting\">riunione dei punti focali dei firmatari dell&#8217;Impegno di Raffreddamento Globale.<\/a> Lanciato in occasione della Conferenza delle Nazioni Unite sui Cambiamenti Climatici del 2023<a href=\"https:\/\/unfccc.int\/cop28\">(COP28<\/a>) dalla Presidenza degli Emirati Arabi Uniti (UAE) e dalla Cool Coalition dell&#8217;UNEP, il Global Cooling Pledge (GCP) \u00e8 il primo impegno collettivo al mondo per ridurre l&#8217;impatto climatico del raffreddamento del 68% entro il 2050 e per espandere la fornitura a prezzi accessibili a tutti coloro che ne hanno bisogno.<\/p>\n\n<p>Il mondo ha appena registrato il terzo anno consecutivo di caldo record, rivelando che il caldo estremo \u00e8 ora al centro dei cambiamenti climatici. L <a href=\"https:\/\/www.unep.org\/resources\/global-cooling-watch-2023\">&#8216;Osservatorio Globale sul Raffreddamento 2023 dell&#8217;UNEP <\/a> ha avvertito che se le tendenze attuali dovessero continuare, l&#8217;aumento della domanda di raffreddamento da solo potrebbe aggiungere 6,1 gigatonnellate di anidride carbonica entro il 2050, mentre pi\u00f9 di un miliardo di persone non ha ancora accesso al raffreddamento per mantenere il cibo, le medicine e le economie vitali.<\/p>\n\n<p>&#8220;Il raffreddamento sostenibile \u00e8 una leva centrale di adattamento e una misura di mitigazione che ci permette di rimanere entro il limite di 1,5\u00b0C&#8221;, ha dichiarato Martin Krause, direttore della Divisione Cambiamenti Climatici dell&#8217;UNEP. &#8220;L&#8217;integrazione del raffreddamento nei nuovi piani climatici nazionali (o NDC) sar\u00e0 fondamentale per garantire un approccio olistico che allinei l&#8217;azione per il clima ai benefici sociali ed economici&#8221;, ha aggiunto.<\/p>\n\n<p>Il Brasile ha confermato che il raffreddamento sostenibile e il calore estremo saranno una delle principali priorit\u00e0 della COP30 di Bel\u00e9m. L&#8217;Italia ha anche annunciato nuovi finanziamenti per l&#8217;attuazione del Global Cooling Pledge attraverso la nuova Enabling Pledge Implementation for Cooling (EPIC) Facility dell&#8217;UNEP. Questa nuova iniziativa, che ospita un Meccanismo di Assistenza Tecnica e un Acceleratore di Finanziamenti, convoglier\u00e0 consulenza tecnica e finanziamenti alle citt\u00e0.  <\/p>\n\n<p>&#8220;L&#8217;Italia non solo sta compiendo progressi nel raggiungimento degli obiettivi nazionali, ma sta anche sostenendo gli sforzi internazionali per tradurre il Global Cooling Pledge in azioni locali attraverso l&#8217;iniziativa EPIC&#8221;, ha dichiarato Kovac. Alessandro Guerri, Direttore Generale del Ministero dell&#8217;Ambiente e della Sicurezza Energetica.  <\/p>\n\n<p>Fonte: <strong><a href=\"https:\/\/www.unep.org\/pt-br\/noticias-e-reportagens\/comunicado-de-imprensa\/brasil-e-italia-anunciam-novo-impulso-e-financiamento\">Programma ambientale delle Nazioni Unite<\/a><\/strong><\/p>\n\n<p><\/p>\n","protected":false},"excerpt":{"rendered":"<p>Il Brasile e il Programma delle Nazioni Unite per l&#8217;Ambiente (UNEP) hanno lanciato oggi una nuova iniziativa per affrontare il caldo estremo [&hellip;]<\/p>\n","protected":false},"author":764,"featured_media":31145,"comment_status":"open","ping_status":"open","sticky":false,"template":"","format":"standard","meta":{"footnotes":""},"categories":[41],"tags":[49],"class_list":["post-31274","post","type-post","status-publish","format-standard","has-post-thumbnail","hentry","category-notizie","tag-notizie-2025"],"_links":{"self":[{"href":"https:\/\/italcam.com.br\/it\/wp-json\/wp\/v2\/posts\/31274","targetHints":{"allow":["GET"]}}],"collection":[{"href":"https:\/\/italcam.com.br\/it\/wp-json\/wp\/v2\/posts"}],"about":[{"href":"https:\/\/italcam.com.br\/it\/wp-json\/wp\/v2\/types\/post"}],"author":[{"embeddable":true,"href":"https:\/\/italcam.com.br\/it\/wp-json\/wp\/v2\/users\/764"}],"replies":[{"embeddable":true,"href":"https:\/\/italcam.com.br\/it\/wp-json\/wp\/v2\/comments?post=31274"}],"version-history":[{"count":1,"href":"https:\/\/italcam.com.br\/it\/wp-json\/wp\/v2\/posts\/31274\/revisions"}],"predecessor-version":[{"id":31275,"href":"https:\/\/italcam.com.br\/it\/wp-json\/wp\/v2\/posts\/31274\/revisions\/31275"}],"wp:featuredmedia":[{"embeddable":true,"href":"https:\/\/italcam.com.br\/it\/wp-json\/wp\/v2\/media\/31145"}],"wp:attachment":[{"href":"https:\/\/italcam.com.br\/it\/wp-json\/wp\/v2\/media?parent=31274"}],"wp:term":[{"taxonomy":"category","embeddable":true,"href":"https:\/\/italcam.com.br\/it\/wp-json\/wp\/v2\/categories?post=31274"},{"taxonomy":"post_tag","embeddable":true,"href":"https:\/\/italcam.com.br\/it\/wp-json\/wp\/v2\/tags?post=31274"}],"curies":[{"name":"wp","href":"https:\/\/api.w.org\/{rel}","templated":true}]}}