{"id":21885,"date":"2024-10-31T18:48:25","date_gmt":"2024-10-31T21:48:25","guid":{"rendered":"https:\/\/italcam.com.br\/webinar-qddmtt-introduzione-delle-regole-globe-in-brasile\/"},"modified":"2025-05-15T17:57:43","modified_gmt":"2025-05-15T20:57:43","slug":"webinar-qddmtt-introduzione-delle-regole-globe-in-brasile","status":"publish","type":"post","link":"https:\/\/italcam.com.br\/it\/webinar-qddmtt-introduzione-delle-regole-globe-in-brasile\/","title":{"rendered":"Webinar &#8220;QDDMTT: introduzione delle regole GloBE in Brasile&#8221;."},"content":{"rendered":"\n<p><\/p>\n\n<figure class=\"wp-block-image size-large\"><img fetchpriority=\"high\" decoding=\"async\" width=\"819\" height=\"1024\" src=\"https:\/\/italcam.com.br\/wp-content\/uploads\/2025\/04\/COJUR-2-819x1024.png\" alt=\"\" class=\"wp-image-986\" srcset=\"https:\/\/italcam.com.br\/wp-content\/uploads\/2025\/04\/COJUR-2-819x1024.png 819w, https:\/\/italcam.com.br\/wp-content\/uploads\/2025\/04\/COJUR-2-240x300.png 240w, https:\/\/italcam.com.br\/wp-content\/uploads\/2025\/04\/COJUR-2-768x960.png 768w, https:\/\/italcam.com.br\/wp-content\/uploads\/2025\/04\/COJUR-2-520x650.png 520w, https:\/\/italcam.com.br\/wp-content\/uploads\/2025\/04\/COJUR-2-770x963.png 770w, https:\/\/italcam.com.br\/wp-content\/uploads\/2025\/04\/COJUR-2-370x463.png 370w, https:\/\/italcam.com.br\/wp-content\/uploads\/2025\/04\/COJUR-2.png 1000w\" sizes=\"(max-width: 819px) 100vw, 819px\" \/><\/figure>\n\n<p>Partecipa al prossimo webinar organizzato dalla Sezione Fiscalit\u00e0 e Finanza del Comitato Giuridico della Camera di Commercio Italiana, che si terr\u00e0 il 29 ottobre alle ore 18.00. L&#8217;evento sar\u00e0 un&#8217;ottima occasione per discutere dell&#8217;introduzione delle regole GloBE in Brasile, un argomento di grande rilevanza nell&#8217;attuale scenario fiscale. <\/p>\n\n<p>Il webinar vedr\u00e0 la partecipazione di esperti che affronteranno diverse prospettive sull&#8217;argomento, tra cui l&#8217;introduzione delle regole GloBE, la neutralit\u00e0 fiscale promossa dal QDMTT e gli aspetti legislativi e di parit\u00e0 coinvolti nell&#8217;introduzione di queste misure.<\/p>\n\n<p>Non perdere l&#8217;occasione di aggiornarti sulle implicazioni di questo nuovo approccio fiscale con i principali professionisti del settore.<\/p>\n\n<p><a href=\"https:\/\/us06web.zoom.us\/webinar\/register\/WN_Z0ZbX2t_RU2AgXrgxyFfyw\">Iscriviti<\/a><\/p>\n","protected":false},"excerpt":{"rendered":"<p>Partecipa al prossimo webinar organizzato dalla Sezione Fiscalit\u00e0 e Finanza del Comitato Giuridico della Camera di Commercio Italiana, che si terr\u00e0 il [&hellip;]<\/p>\n","protected":false},"author":1,"featured_media":21441,"comment_status":"open","ping_status":"open","sticky":false,"template":"","format":"standard","meta":{"footnotes":""},"categories":[42],"tags":[47,43],"class_list":["post-21885","post","type-post","status-publish","format-standard","has-post-thumbnail","hentry","category-eventi","tag-cojur-it","tag-comites-it"],"_links":{"self":[{"href":"https:\/\/italcam.com.br\/it\/wp-json\/wp\/v2\/posts\/21885","targetHints":{"allow":["GET"]}}],"collection":[{"href":"https:\/\/italcam.com.br\/it\/wp-json\/wp\/v2\/posts"}],"about":[{"href":"https:\/\/italcam.com.br\/it\/wp-json\/wp\/v2\/types\/post"}],"author":[{"embeddable":true,"href":"https:\/\/italcam.com.br\/it\/wp-json\/wp\/v2\/users\/1"}],"replies":[{"embeddable":true,"href":"https:\/\/italcam.com.br\/it\/wp-json\/wp\/v2\/comments?post=21885"}],"version-history":[{"count":1,"href":"https:\/\/italcam.com.br\/it\/wp-json\/wp\/v2\/posts\/21885\/revisions"}],"predecessor-version":[{"id":21886,"href":"https:\/\/italcam.com.br\/it\/wp-json\/wp\/v2\/posts\/21885\/revisions\/21886"}],"wp:featuredmedia":[{"embeddable":true,"href":"https:\/\/italcam.com.br\/it\/wp-json\/wp\/v2\/media\/21441"}],"wp:attachment":[{"href":"https:\/\/italcam.com.br\/it\/wp-json\/wp\/v2\/media?parent=21885"}],"wp:term":[{"taxonomy":"category","embeddable":true,"href":"https:\/\/italcam.com.br\/it\/wp-json\/wp\/v2\/categories?post=21885"},{"taxonomy":"post_tag","embeddable":true,"href":"https:\/\/italcam.com.br\/it\/wp-json\/wp\/v2\/tags?post=21885"}],"curies":[{"name":"wp","href":"https:\/\/api.w.org\/{rel}","templated":true}]}}